{"id":1424,"date":"2014-09-16T23:11:31","date_gmt":"2014-09-16T23:11:31","guid":{"rendered":"http:\/\/sevillasemueve.org\/nocheenblanco2014\/zemos98\/"},"modified":"2014-09-28T13:21:19","modified_gmt":"2014-09-28T13:21:19","slug":"zemos98","status":"publish","type":"post","link":"https:\/\/nocheenblanco.org\/2014\/zemos98\/","title":{"rendered":"ZEMOS98"},"content":{"rendered":"<p>ZEMOS98 organiza un es festival anual que en su pasada edici\u00f3n celebr\u00f3 16 a\u00f1os, pero esta no es su \u00fanica actividad. Queremos aprovechar la ocasi\u00f3n que nos ofrece la Noche en Blanco para mostrar nuestro nuevo espacio en la Macarena. Adem\u00e1s presentaremos los proyectos que iniciamos con el nuevo curso, como Macarena Remedia, una escuela de barrio sobre educaci\u00f3n medi\u00e1tica que dar\u00e1 comienzo en octubre y que trabajar\u00e1 en la creaci\u00f3n de medios de comunicaci\u00f3n hechos por los propios ciudadanos. Tambi\u00e9n se estrenar\u00e1 el v\u00eddeo participativo elaborado con los alumnos y profesores de un colegio de la zona, Imagina San Jos\u00e9 Obrero. La tarde estar\u00e1 amenizada m\u00fasica, comida y bebida.<\/p>\n","protected":false},"excerpt":{"rendered":"<p>ZEMOS98 organiza un es festival anual que en su pasada edici\u00f3n celebr\u00f3 16 a\u00f1os, pero esta no es su \u00fanica actividad. Queremos aprovechar la ocasi\u00f3n que nos ofrece la Noche en Blanco para mostrar nuestro nuevo espacio en la Macarena. Adem\u00e1s presentaremos los proyectos que iniciamos con el nuevo curso,  \u2026 <a href=\"https:\/\/nocheenblanco.org\/2014\/zemos98\/\"> Continue reading <span class=\"meta-nav\">&rarr; <\/span><\/a><\/p>\n","protected":false},"author":1,"featured_media":1806,"comment_status":"closed","ping_status":"closed","sticky":false,"template":"","format":"aside","meta":{"_mi_skip_tracking":false},"categories":[29,16,31,3],"tags":[],"_links":{"self":[{"href":"https:\/\/nocheenblanco.org\/2014\/wp-json\/wp\/v2\/posts\/1424"}],"collection":[{"href":"https:\/\/nocheenblanco.org\/2014\/wp-json\/wp\/v2\/posts"}],"about":[{"href":"https:\/\/nocheenblanco.org\/2014\/wp-json\/wp\/v2\/types\/post"}],"author":[{"embeddable":true,"href":"https:\/\/nocheenblanco.org\/2014\/wp-json\/wp\/v2\/users\/1"}],"replies":[{"embeddable":true,"href":"https:\/\/nocheenblanco.org\/2014\/wp-json\/wp\/v2\/comments?post=1424"}],"version-history":[{"count":1,"href":"https:\/\/nocheenblanco.org\/2014\/wp-json\/wp\/v2\/posts\/1424\/revisions"}],"predecessor-version":[{"id":1429,"href":"https:\/\/nocheenblanco.org\/2014\/wp-json\/wp\/v2\/posts\/1424\/revisions\/1429"}],"wp:featuredmedia":[{"embeddable":true,"href":"https:\/\/nocheenblanco.org\/2014\/wp-json\/wp\/v2\/media\/1806"}],"wp:attachment":[{"href":"https:\/\/nocheenblanco.org\/2014\/wp-json\/wp\/v2\/media?parent=1424"}],"wp:term":[{"taxonomy":"category","embeddable":true,"href":"https:\/\/nocheenblanco.org\/2014\/wp-json\/wp\/v2\/categories?post=1424"},{"taxonomy":"post_tag","embeddable":true,"href":"https:\/\/nocheenblanco.org\/2014\/wp-json\/wp\/v2\/tags?post=1424"}],"curies":[{"name":"wp","href":"https:\/\/api.w.org\/{rel}","templated":true}]}}