{"id":1453,"date":"2014-09-17T10:53:27","date_gmt":"2014-09-17T10:53:27","guid":{"rendered":"http:\/\/sevillasemueve.org\/nocheenblanco2014\/la-seta-coqueta\/"},"modified":"2014-09-28T12:47:15","modified_gmt":"2014-09-28T12:47:15","slug":"la-seta-coqueta","status":"publish","type":"post","link":"https:\/\/nocheenblanco.org\/2014\/la-seta-coqueta\/","title":{"rendered":"LA SETA COQUETA"},"content":{"rendered":"<p>Con motivo de la Noche en Blanco, La Seta Coqueta inaugura la exposici\u00f3n art\u00edstica del joven dise\u00f1ador gr\u00e1fico e ilustrador, Alejandro Mulas (Jerez de la Frontera).<\/p>\n<p>El Se\u00f1or Mulas, as\u00ed se hace llamar, nos mostrar\u00e1 una colecci\u00f3n de ilustraciones digitales de estilo vectorial con un aire vintage y colorista. Como peculiaridad, la mayor\u00eda de las obras est\u00e1n impresas sobre tablones de madera, lo que las hace completamente originales y \u00fanicas. Adem\u00e1s, se ofrecer\u00e1 la posibilidad de ver y adquirir obras en formato papel.<\/p>\n<p>La muestra coincidir\u00e1 tambi\u00e9n con la presentaci\u00f3n de la nueva colecci\u00f3n de bolsos y mochilas del propio Mulas.<\/p>\n<p>\u00a1Os esperamos!<\/p>\n","protected":false},"excerpt":{"rendered":"<p>Con motivo de la Noche en Blanco, La Seta Coqueta inaugura la exposici\u00f3n art\u00edstica del joven dise\u00f1ador gr\u00e1fico e ilustrador, Alejandro Mulas (Jerez de la Frontera).<\/p>\n<p>El Se\u00f1or Mulas, as\u00ed se hace llamar, nos mostrar\u00e1 una colecci\u00f3n de ilustraciones digitales de estilo vectorial con un aire vintage y colorista. Como  \u2026 <a href=\"https:\/\/nocheenblanco.org\/2014\/la-seta-coqueta\/\"> Continue reading <span class=\"meta-nav\">&rarr; <\/span><\/a><\/p>\n","protected":false},"author":1,"featured_media":1825,"comment_status":"closed","ping_status":"closed","sticky":false,"template":"","format":"aside","meta":{"_mi_skip_tracking":false},"categories":[18,35,32,3],"tags":[],"_links":{"self":[{"href":"https:\/\/nocheenblanco.org\/2014\/wp-json\/wp\/v2\/posts\/1453"}],"collection":[{"href":"https:\/\/nocheenblanco.org\/2014\/wp-json\/wp\/v2\/posts"}],"about":[{"href":"https:\/\/nocheenblanco.org\/2014\/wp-json\/wp\/v2\/types\/post"}],"author":[{"embeddable":true,"href":"https:\/\/nocheenblanco.org\/2014\/wp-json\/wp\/v2\/users\/1"}],"replies":[{"embeddable":true,"href":"https:\/\/nocheenblanco.org\/2014\/wp-json\/wp\/v2\/comments?post=1453"}],"version-history":[{"count":1,"href":"https:\/\/nocheenblanco.org\/2014\/wp-json\/wp\/v2\/posts\/1453\/revisions"}],"predecessor-version":[{"id":1455,"href":"https:\/\/nocheenblanco.org\/2014\/wp-json\/wp\/v2\/posts\/1453\/revisions\/1455"}],"wp:featuredmedia":[{"embeddable":true,"href":"https:\/\/nocheenblanco.org\/2014\/wp-json\/wp\/v2\/media\/1825"}],"wp:attachment":[{"href":"https:\/\/nocheenblanco.org\/2014\/wp-json\/wp\/v2\/media?parent=1453"}],"wp:term":[{"taxonomy":"category","embeddable":true,"href":"https:\/\/nocheenblanco.org\/2014\/wp-json\/wp\/v2\/categories?post=1453"},{"taxonomy":"post_tag","embeddable":true,"href":"https:\/\/nocheenblanco.org\/2014\/wp-json\/wp\/v2\/tags?post=1453"}],"curies":[{"name":"wp","href":"https:\/\/api.w.org\/{rel}","templated":true}]}}