{"id":1564,"date":"2014-09-18T18:18:59","date_gmt":"2014-09-18T18:18:59","guid":{"rendered":"http:\/\/sevillasemueve.org\/nocheenblanco2014\/feel-the-city-tours-2\/"},"modified":"2014-09-28T12:31:38","modified_gmt":"2014-09-28T12:31:38","slug":"feel-the-city-tours-flamenco","status":"publish","type":"post","link":"https:\/\/nocheenblanco.org\/2014\/feel-the-city-tours-flamenco\/","title":{"rendered":"Feel the city tours &#8211; Flamenco en Blanco"},"content":{"rendered":"<p>\u00abFlamenco en Blanco\u201d tendr\u00e1 una duraci\u00f3n de una 1 hora y media aproximadamente en la que se disfrutar\u00e1 de la historia hablada y cantada del flamenco. Un arte que ha evolucionado hasta llegar a lo m\u00e1s alto y a todos los puntos del mundo. Con esta ruta, Feel the City Tours busca dignificar y difundir la historia del flamenco, arte considerado la expresi\u00f3n del pueblo andaluz.<\/p>\n<p>Al cante estar\u00e1 Manolo Romero y a la guitarra Pedro Pulido.<\/p>\n<p>\u00a1No te quedes sin plazas, el a\u00f1o pasado hubo m\u00e1s de 600 personas en lista de espera!<\/p>\n","protected":false},"excerpt":{"rendered":"<p>\u00abFlamenco en Blanco\u201d tendr\u00e1 una duraci\u00f3n de una 1 hora y media aproximadamente en la que se disfrutar\u00e1 de la historia hablada y cantada del flamenco. Un arte que ha evolucionado hasta llegar a lo m\u00e1s alto y a todos los puntos del mundo. Con esta ruta, Feel the City  \u2026 <a href=\"https:\/\/nocheenblanco.org\/2014\/feel-the-city-tours-flamenco\/\"> Continue reading <span class=\"meta-nav\">&rarr; <\/span><\/a><\/p>\n","protected":false},"author":1,"featured_media":1621,"comment_status":"closed","ping_status":"closed","sticky":false,"template":"","format":"aside","meta":{"_mi_skip_tracking":false},"categories":[31,3,17],"tags":[],"_links":{"self":[{"href":"https:\/\/nocheenblanco.org\/2014\/wp-json\/wp\/v2\/posts\/1564"}],"collection":[{"href":"https:\/\/nocheenblanco.org\/2014\/wp-json\/wp\/v2\/posts"}],"about":[{"href":"https:\/\/nocheenblanco.org\/2014\/wp-json\/wp\/v2\/types\/post"}],"author":[{"embeddable":true,"href":"https:\/\/nocheenblanco.org\/2014\/wp-json\/wp\/v2\/users\/1"}],"replies":[{"embeddable":true,"href":"https:\/\/nocheenblanco.org\/2014\/wp-json\/wp\/v2\/comments?post=1564"}],"version-history":[{"count":3,"href":"https:\/\/nocheenblanco.org\/2014\/wp-json\/wp\/v2\/posts\/1564\/revisions"}],"predecessor-version":[{"id":1741,"href":"https:\/\/nocheenblanco.org\/2014\/wp-json\/wp\/v2\/posts\/1564\/revisions\/1741"}],"wp:featuredmedia":[{"embeddable":true,"href":"https:\/\/nocheenblanco.org\/2014\/wp-json\/wp\/v2\/media\/1621"}],"wp:attachment":[{"href":"https:\/\/nocheenblanco.org\/2014\/wp-json\/wp\/v2\/media?parent=1564"}],"wp:term":[{"taxonomy":"category","embeddable":true,"href":"https:\/\/nocheenblanco.org\/2014\/wp-json\/wp\/v2\/categories?post=1564"},{"taxonomy":"post_tag","embeddable":true,"href":"https:\/\/nocheenblanco.org\/2014\/wp-json\/wp\/v2\/tags?post=1564"}],"curies":[{"name":"wp","href":"https:\/\/api.w.org\/{rel}","templated":true}]}}