{"id":1658,"date":"2014-09-19T15:11:18","date_gmt":"2014-09-19T15:11:18","guid":{"rendered":"http:\/\/sevillasemueve.org\/nocheenblanco2014\/capilla-de-la-orden-tercera-franciscana-e-iglesia-de-san-pedro-de-alcantara\/"},"modified":"2014-09-28T12:18:39","modified_gmt":"2014-09-28T12:18:39","slug":"capilla-de-la-orden-tercera-franciscana-e-iglesia-de-san-pedro-de-alcantara","status":"publish","type":"post","link":"https:\/\/nocheenblanco.org\/2014\/capilla-de-la-orden-tercera-franciscana-e-iglesia-de-san-pedro-de-alcantara\/","title":{"rendered":"Capilla de la Orden Tercera Franciscana, e Iglesia de San  Pedro de Alc\u00e1ntara"},"content":{"rendered":"<p>La Iglesia San Pedro de Alc\u00e1ntara es de \u00e9poca barroca y de gran valor art\u00edstico, cuya salvaguarda y recuperaci\u00f3n est\u00e1 apoyada por la asociaci\u00f3n Adepa, Asociaci\u00f3n de Defensa del Patrimonio de Andaluc\u00eda, que har\u00e1 de anfitri\u00f3n. Tanto la capilla como la iglesia estar\u00e1n abiertas para ser visitadas desde las 21:00 y hasta las 01:00. Adem\u00e1s, a las 22:00, en la iglesia tendr\u00e1 lugar un concierto de la Coro de la Universidad Pablo de Olavide, interpretando obras del Renacimiento y del Barroco espa\u00f1ol.<\/p>\n","protected":false},"excerpt":{"rendered":"<p>La Iglesia San Pedro de Alc\u00e1ntara es de \u00e9poca barroca y de gran valor art\u00edstico, cuya salvaguarda y recuperaci\u00f3n est\u00e1 apoyada por la asociaci\u00f3n Adepa, Asociaci\u00f3n de Defensa del Patrimonio de Andaluc\u00eda, que har\u00e1 de anfitri\u00f3n. Tanto la capilla como la iglesia estar\u00e1n abiertas para ser visitadas desde las 21:00  \u2026 <a href=\"https:\/\/nocheenblanco.org\/2014\/capilla-de-la-orden-tercera-franciscana-e-iglesia-de-san-pedro-de-alcantara\/\"> Continue reading <span class=\"meta-nav\">&rarr; <\/span><\/a><\/p>\n","protected":false},"author":1,"featured_media":1921,"comment_status":"closed","ping_status":"closed","sticky":false,"template":"","format":"aside","meta":{"_mi_skip_tracking":false},"categories":[15,31,34,3],"tags":[],"_links":{"self":[{"href":"https:\/\/nocheenblanco.org\/2014\/wp-json\/wp\/v2\/posts\/1658"}],"collection":[{"href":"https:\/\/nocheenblanco.org\/2014\/wp-json\/wp\/v2\/posts"}],"about":[{"href":"https:\/\/nocheenblanco.org\/2014\/wp-json\/wp\/v2\/types\/post"}],"author":[{"embeddable":true,"href":"https:\/\/nocheenblanco.org\/2014\/wp-json\/wp\/v2\/users\/1"}],"replies":[{"embeddable":true,"href":"https:\/\/nocheenblanco.org\/2014\/wp-json\/wp\/v2\/comments?post=1658"}],"version-history":[{"count":1,"href":"https:\/\/nocheenblanco.org\/2014\/wp-json\/wp\/v2\/posts\/1658\/revisions"}],"predecessor-version":[{"id":1659,"href":"https:\/\/nocheenblanco.org\/2014\/wp-json\/wp\/v2\/posts\/1658\/revisions\/1659"}],"wp:featuredmedia":[{"embeddable":true,"href":"https:\/\/nocheenblanco.org\/2014\/wp-json\/wp\/v2\/media\/1921"}],"wp:attachment":[{"href":"https:\/\/nocheenblanco.org\/2014\/wp-json\/wp\/v2\/media?parent=1658"}],"wp:term":[{"taxonomy":"category","embeddable":true,"href":"https:\/\/nocheenblanco.org\/2014\/wp-json\/wp\/v2\/categories?post=1658"},{"taxonomy":"post_tag","embeddable":true,"href":"https:\/\/nocheenblanco.org\/2014\/wp-json\/wp\/v2\/tags?post=1658"}],"curies":[{"name":"wp","href":"https:\/\/api.w.org\/{rel}","templated":true}]}}