{"id":3681,"date":"2016-09-26T18:09:52","date_gmt":"2016-09-26T16:09:52","guid":{"rendered":"http:\/\/sevillasemueve.org\/nocheenblanco2016\/?p=3681"},"modified":"2016-10-04T20:35:23","modified_gmt":"2016-10-04T18:35:23","slug":"130-actividades-noche-en-blanco-2016","status":"publish","type":"post","link":"https:\/\/nocheenblanco.org\/2016\/130-actividades-noche-en-blanco-2016\/","title":{"rendered":"130 actividades inundar\u00e1n de Cultura la Noche en Blanco 2016"},"content":{"rendered":"<p style=\"text-align: justify;\"><b>La Asociaci\u00f3n sevillasemueve ha presentado hoy la quinta edici\u00f3n de la Noche en Blanco, que cuenta grandes novedades entre las incorporaciones, como el Museo de Bellas Artes y los Reales Alc\u00e1zares de Sevilla<\/b><\/p>\n<p style=\"text-align: justify;\"><span style=\"font-weight: 400;\">Esta ma\u00f1ana ha sido presentada en la Facultad de Bellas Artes la quinta edici\u00f3n de la Noche en Blanco, organizada por la Asociaci\u00f3n sevillasemueve, que se celebrar\u00e1 el pr\u00f3ximo 7 de octubre. En ella estar\u00e1n presentes multitud de instituciones culturales de la ciudad, tanto p\u00fablicas como privadas, hasta sumar las 130 actividades inscritas actualmente.<\/span><\/p>\n<p style=\"text-align: justify;\"><span style=\"font-weight: 400;\">En esta edici\u00f3n, cuyo cartel obra del artista David Barco, est\u00e1 especialmente dedicado a la figura de Cervantes en el 400 aniversario de su muerte, se podr\u00e1 disfrutar de novedades como la apertura del Museo de Bellas Artes de Sevilla o del Reales Alc\u00e1zares de Sevilla, que se suman as\u00ed a los otros dos espacios catalogados por la UNESCO como Patrimonio Mundial, y que ya ven\u00edan participando en ediciones anteriores: La Catedral y el Archivo de Indias.<\/span><\/p>\n<p style=\"text-align: justify;\"><!--more--><\/p>\n<p style=\"text-align: justify;\"><span style=\"font-weight: 400;\">El acto ha estado presidido por Jos\u00e9 Mar\u00eda S\u00e1nchez, Decano de la Facultad, que patrocina el evento junto a ARTSevilla, Casa de la Ciencia, Casa de la Memoria, Isla M\u00e1gica, Ispavilia, Metro de Sevilla y Fundaci\u00f3n Cajasol. Por parte de las Administraciones p\u00fablicas han asistido Myriam D\u00edaz, Delegada de Igualdad, Juventud, y Relaci\u00f3n Relaciones con la Comunidad Universitaria; y Antonio Jos\u00e9 Lucas, Secretario General de Innovaci\u00f3n Cultural y Libros de la Junta de Andaluc\u00eda, que han informado de la participaci\u00f3n de las Administraciones P\u00fablicas. <\/span><\/p>\n<p style=\"text-align: justify;\"><span style=\"font-weight: 400;\">Manuel Fern\u00e1ndez, vicepresidente de sevillasemueve y director de la Noche en Blanco ha destacado el esfuerzo realizado por la organizaci\u00f3n en los cinco a\u00f1os de vida de la iniciativa, defendiendo el modelo novedoso donde \u201ces la sociedad civil quien de forma desinteresada hace de engranaje que pone a rodar a las administraciones p\u00fablicas y a la iniciativa privada\u201d.<\/span><\/p>\n<p style=\"text-align: justify;\"><span style=\"font-weight: 400;\">Fern\u00e1ndez ha destacado tambi\u00e9n que al contrario que en otras noches en blanco, la de Sevilla no persigue la gratuidad de la cultura, sino conformar un escaparate con la oferta de la ciudad bajo una atm\u00f3sfera excepcional. Con esta premisa, en estos cinco a\u00f1os la Noche en Blanco ha pasado de la treintena de actividades de 2012 a las m\u00e1s de 130 previstas para este 2016, que aspira a superar las 65.000 visitas registradas en la pasada edici\u00f3n.<\/span><\/p>\n<p style=\"text-align: justify;\"><span style=\"font-weight: 400;\">Sevillasemueve se muestra enormemente satisfecha por el apoyo prestado tanto por la Junta de Andaluc\u00eda como por el Ayuntamiento de Sevilla, a quienes ha aprovechado para reclamar una colaboraci\u00f3n m\u00e1s estrecha de las Administraciones buscando servir al ciudadano.<\/span><\/p>\n<p style=\"text-align: justify;\"><span style=\"font-weight: 400;\">En esa misma l\u00ednea se han mostrado la representante municipal Myriam Diaz, quien considera que la Noche en Blanco \u00a0\u201ces una manera de reconectar a la ciudadan\u00eda con la oferta cultural tras el verano para hacerles llegar facetas quiz\u00e1s desconocidas de su entorno\u00bb, como Antonio Jos\u00e9 Lucas, afirmando que \u00abla Noche en Blanco es un claro ejemplo de una actividad cultural bien ejecutada y organizada gracias a la colaboraci\u00f3n directa entre instituciones p\u00fablicas y privadas\u201d.<\/span><\/p>\n<p style=\"text-align: justify;\"><span style=\"font-weight: 400;\"><br \/>\n<\/span><span style=\"font-weight: 400;\">Desde hoy, toda la programaci\u00f3n est\u00e1 publicada en nocheenblanco.org, donde, junto al hashtag #nocheenblancoSEV en redes sociales, se ir\u00e1 informando de cualquier posible novedad que pueda surgir hasta el pr\u00f3ximo 7 de octubre.<\/span><\/p>\n","protected":false},"excerpt":{"rendered":"<p>La Asociaci\u00f3n sevillasemueve ha presentado hoy la quinta edici\u00f3n de la Noche en Blanco, que cuenta grandes novedades entre las incorporaciones, como el Museo de Bellas Artes y los Reales Alc\u00e1zares de Sevilla Esta ma\u00f1ana ha sido presentada en la [&hellip;]<\/p>\n","protected":false},"author":1,"featured_media":3682,"comment_status":"closed","ping_status":"closed","sticky":false,"template":"","format":"standard","meta":{"_mi_skip_tracking":false,"_exactmetrics_sitenote_active":false,"_exactmetrics_sitenote_note":"","_exactmetrics_sitenote_category":0},"categories":[78],"tags":[],"yoast_head":"<!-- This site is optimized with the Yoast SEO plugin v20.6 - https:\/\/yoast.com\/wordpress\/plugins\/seo\/ -->\n<title>130 actividades inundar\u00e1n de Cultura la Noche en Blanco 2016 - Noche en Blanco - Sevilla 2016<\/title>\n<meta name=\"robots\" content=\"index, follow, max-snippet:-1, max-image-preview:large, max-video-preview:-1\" \/>\n<link rel=\"canonical\" href=\"https:\/\/nocheenblanco.org\/2016\/130-actividades-noche-en-blanco-2016\/\" \/>\n<meta property=\"og:locale\" content=\"es_ES\" \/>\n<meta property=\"og:type\" content=\"article\" \/>\n<meta property=\"og:title\" content=\"130 actividades inundar\u00e1n de Cultura la Noche en Blanco 2016 - Noche en Blanco - Sevilla 2016\" \/>\n<meta property=\"og:description\" content=\"La Asociaci\u00f3n sevillasemueve ha presentado hoy la quinta edici\u00f3n de la Noche en Blanco, que cuenta grandes novedades entre las incorporaciones, como el Museo de Bellas Artes y los Reales Alc\u00e1zares de Sevilla Esta ma\u00f1ana ha sido presentada en la [&hellip;]\" \/>\n<meta property=\"og:url\" content=\"https:\/\/nocheenblanco.org\/2016\/130-actividades-noche-en-blanco-2016\/\" \/>\n<meta property=\"og:site_name\" content=\"Noche en Blanco - Sevilla 2016\" \/>\n<meta property=\"article:publisher\" content=\"https:\/\/www.facebook.com\/Nocheenblancosevilla\" \/>\n<meta property=\"article:published_time\" content=\"2016-09-26T16:09:52+00:00\" \/>\n<meta property=\"article:modified_time\" content=\"2016-10-04T18:35:23+00:00\" \/>\n<meta property=\"og:image\" content=\"https:\/\/nocheenblanco.org\/2016\/wp-content\/uploads\/2016\/09\/presentacion-noche-en-blanco-2016-1024x576.jpg\" \/>\n\t<meta property=\"og:image:width\" content=\"1024\" \/>\n\t<meta property=\"og:image:height\" content=\"576\" \/>\n\t<meta property=\"og:image:type\" content=\"image\/jpeg\" \/>\n<meta name=\"author\" content=\"Manuel Fern\u00e1ndez\" \/>\n<meta name=\"twitter:card\" content=\"summary_large_image\" \/>\n<meta name=\"twitter:creator\" content=\"@manufersvq\" \/>\n<meta name=\"twitter:site\" content=\"@nochenblanco\" \/>\n<meta name=\"twitter:label1\" content=\"Escrito por\" \/>\n\t<meta name=\"twitter:data1\" content=\"Manuel Fern\u00e1ndez\" \/>\n\t<meta name=\"twitter:label2\" content=\"Tiempo de lectura\" \/>\n\t<meta name=\"twitter:data2\" content=\"3 minutos\" \/>\n<script type=\"application\/ld+json\" class=\"yoast-schema-graph\">{\"@context\":\"https:\/\/schema.org\",\"@graph\":[{\"@type\":\"Article\",\"@id\":\"https:\/\/nocheenblanco.org\/2016\/130-actividades-noche-en-blanco-2016\/#article\",\"isPartOf\":{\"@id\":\"https:\/\/nocheenblanco.org\/2016\/130-actividades-noche-en-blanco-2016\/\"},\"author\":{\"name\":\"Manuel Fern\u00e1ndez\",\"@id\":\"https:\/\/nocheenblanco.org\/2016\/#\/schema\/person\/a1fbc9650796a5256b208ddcc3190d2c\"},\"headline\":\"130 actividades inundar\u00e1n de Cultura la Noche en Blanco 2016\",\"datePublished\":\"2016-09-26T16:09:52+00:00\",\"dateModified\":\"2016-10-04T18:35:23+00:00\",\"mainEntityOfPage\":{\"@id\":\"https:\/\/nocheenblanco.org\/2016\/130-actividades-noche-en-blanco-2016\/\"},\"wordCount\":575,\"publisher\":{\"@id\":\"https:\/\/nocheenblanco.org\/2016\/#organization\"},\"articleSection\":[\"Notas de Prensa\"],\"inLanguage\":\"es\"},{\"@type\":\"WebPage\",\"@id\":\"https:\/\/nocheenblanco.org\/2016\/130-actividades-noche-en-blanco-2016\/\",\"url\":\"https:\/\/nocheenblanco.org\/2016\/130-actividades-noche-en-blanco-2016\/\",\"name\":\"130 actividades inundar\u00e1n de Cultura la Noche en Blanco 2016 - Noche en Blanco - Sevilla 2016\",\"isPartOf\":{\"@id\":\"https:\/\/nocheenblanco.org\/2016\/#website\"},\"datePublished\":\"2016-09-26T16:09:52+00:00\",\"dateModified\":\"2016-10-04T18:35:23+00:00\",\"breadcrumb\":{\"@id\":\"https:\/\/nocheenblanco.org\/2016\/130-actividades-noche-en-blanco-2016\/#breadcrumb\"},\"inLanguage\":\"es\",\"potentialAction\":[{\"@type\":\"ReadAction\",\"target\":[\"https:\/\/nocheenblanco.org\/2016\/130-actividades-noche-en-blanco-2016\/\"]}]},{\"@type\":\"BreadcrumbList\",\"@id\":\"https:\/\/nocheenblanco.org\/2016\/130-actividades-noche-en-blanco-2016\/#breadcrumb\",\"itemListElement\":[{\"@type\":\"ListItem\",\"position\":1,\"name\":\"Portada\",\"item\":\"https:\/\/nocheenblanco.org\/2016\/\"},{\"@type\":\"ListItem\",\"position\":2,\"name\":\"130 actividades inundar\u00e1n de Cultura la Noche en Blanco 2016\"}]},{\"@type\":\"WebSite\",\"@id\":\"https:\/\/nocheenblanco.org\/2016\/#website\",\"url\":\"https:\/\/nocheenblanco.org\/2016\/\",\"name\":\"Noche en Blanco - Sevilla 2016\",\"description\":\"Una noche escrita para la cultura\",\"publisher\":{\"@id\":\"https:\/\/nocheenblanco.org\/2016\/#organization\"},\"potentialAction\":[{\"@type\":\"SearchAction\",\"target\":{\"@type\":\"EntryPoint\",\"urlTemplate\":\"https:\/\/nocheenblanco.org\/2016\/?s={search_term_string}\"},\"query-input\":\"required name=search_term_string\"}],\"inLanguage\":\"es\"},{\"@type\":\"Organization\",\"@id\":\"https:\/\/nocheenblanco.org\/2016\/#organization\",\"name\":\"Noche en Blanco Sevilla\",\"url\":\"https:\/\/nocheenblanco.org\/2016\/\",\"logo\":{\"@type\":\"ImageObject\",\"inLanguage\":\"es\",\"@id\":\"https:\/\/nocheenblanco.org\/2016\/#\/schema\/logo\/image\/\",\"url\":\"https:\/\/nocheenblanco.org\/2016\/wp-content\/uploads\/2016\/09\/LOGO1-01-1.png\",\"contentUrl\":\"https:\/\/nocheenblanco.org\/2016\/wp-content\/uploads\/2016\/09\/LOGO1-01-1.png\",\"width\":619,\"height\":601,\"caption\":\"Noche en Blanco Sevilla\"},\"image\":{\"@id\":\"https:\/\/nocheenblanco.org\/2016\/#\/schema\/logo\/image\/\"},\"sameAs\":[\"https:\/\/www.facebook.com\/Nocheenblancosevilla\",\"https:\/\/twitter.com\/nochenblanco\"]},{\"@type\":\"Person\",\"@id\":\"https:\/\/nocheenblanco.org\/2016\/#\/schema\/person\/a1fbc9650796a5256b208ddcc3190d2c\",\"name\":\"Manuel Fern\u00e1ndez\",\"image\":{\"@type\":\"ImageObject\",\"inLanguage\":\"es\",\"@id\":\"https:\/\/nocheenblanco.org\/2016\/#\/schema\/person\/image\/\",\"url\":\"https:\/\/secure.gravatar.com\/avatar\/ff808eeec03c36fa277779e500385080?s=96&d=https%3A%2F%2Fnocheenblanco.org%2F2016%2Fwp-content%2Fuploads%2F2015%2F08%2Flogoneb.png&r=g\",\"contentUrl\":\"https:\/\/secure.gravatar.com\/avatar\/ff808eeec03c36fa277779e500385080?s=96&d=https%3A%2F%2Fnocheenblanco.org%2F2016%2Fwp-content%2Fuploads%2F2015%2F08%2Flogoneb.png&r=g\",\"caption\":\"Manuel Fern\u00e1ndez\"},\"description\":\"Ingeniero inform\u00e1tico. Vicepresidente de sevillasemueve. Director de la Noche en Blanco. Miembro de Legado Expo Sevilla. Amante del turismo y de conocer lugares. Creo en una Sevilla capaz de conseguir grandes hitos, no necesariamente pasando por los t\u00f3picos.\",\"sameAs\":[\"http:\/\/manuferweb.es\/\",\"https:\/\/twitter.com\/manufersvq\"],\"url\":\"https:\/\/nocheenblanco.org\/2016\/author\/manuelfr\/\"}]}<\/script>\n<!-- \/ Yoast SEO plugin. -->","yoast_head_json":{"title":"130 actividades inundar\u00e1n de Cultura la Noche en Blanco 2016 - Noche en Blanco - Sevilla 2016","robots":{"index":"index","follow":"follow","max-snippet":"max-snippet:-1","max-image-preview":"max-image-preview:large","max-video-preview":"max-video-preview:-1"},"canonical":"https:\/\/nocheenblanco.org\/2016\/130-actividades-noche-en-blanco-2016\/","og_locale":"es_ES","og_type":"article","og_title":"130 actividades inundar\u00e1n de Cultura la Noche en Blanco 2016 - Noche en Blanco - Sevilla 2016","og_description":"La Asociaci\u00f3n sevillasemueve ha presentado hoy la quinta edici\u00f3n de la Noche en Blanco, que cuenta grandes novedades entre las incorporaciones, como el Museo de Bellas Artes y los Reales Alc\u00e1zares de Sevilla Esta ma\u00f1ana ha sido presentada en la [&hellip;]","og_url":"https:\/\/nocheenblanco.org\/2016\/130-actividades-noche-en-blanco-2016\/","og_site_name":"Noche en Blanco - Sevilla 2016","article_publisher":"https:\/\/www.facebook.com\/Nocheenblancosevilla","article_published_time":"2016-09-26T16:09:52+00:00","article_modified_time":"2016-10-04T18:35:23+00:00","og_image":[{"width":1024,"height":576,"url":"https:\/\/nocheenblanco.org\/2016\/wp-content\/uploads\/2016\/09\/presentacion-noche-en-blanco-2016-1024x576.jpg","type":"image\/jpeg"}],"author":"Manuel Fern\u00e1ndez","twitter_card":"summary_large_image","twitter_creator":"@manufersvq","twitter_site":"@nochenblanco","twitter_misc":{"Escrito por":"Manuel Fern\u00e1ndez","Tiempo de lectura":"3 minutos"},"schema":{"@context":"https:\/\/schema.org","@graph":[{"@type":"Article","@id":"https:\/\/nocheenblanco.org\/2016\/130-actividades-noche-en-blanco-2016\/#article","isPartOf":{"@id":"https:\/\/nocheenblanco.org\/2016\/130-actividades-noche-en-blanco-2016\/"},"author":{"name":"Manuel Fern\u00e1ndez","@id":"https:\/\/nocheenblanco.org\/2016\/#\/schema\/person\/a1fbc9650796a5256b208ddcc3190d2c"},"headline":"130 actividades inundar\u00e1n de Cultura la Noche en Blanco 2016","datePublished":"2016-09-26T16:09:52+00:00","dateModified":"2016-10-04T18:35:23+00:00","mainEntityOfPage":{"@id":"https:\/\/nocheenblanco.org\/2016\/130-actividades-noche-en-blanco-2016\/"},"wordCount":575,"publisher":{"@id":"https:\/\/nocheenblanco.org\/2016\/#organization"},"articleSection":["Notas de Prensa"],"inLanguage":"es"},{"@type":"WebPage","@id":"https:\/\/nocheenblanco.org\/2016\/130-actividades-noche-en-blanco-2016\/","url":"https:\/\/nocheenblanco.org\/2016\/130-actividades-noche-en-blanco-2016\/","name":"130 actividades inundar\u00e1n de Cultura la Noche en Blanco 2016 - Noche en Blanco - Sevilla 2016","isPartOf":{"@id":"https:\/\/nocheenblanco.org\/2016\/#website"},"datePublished":"2016-09-26T16:09:52+00:00","dateModified":"2016-10-04T18:35:23+00:00","breadcrumb":{"@id":"https:\/\/nocheenblanco.org\/2016\/130-actividades-noche-en-blanco-2016\/#breadcrumb"},"inLanguage":"es","potentialAction":[{"@type":"ReadAction","target":["https:\/\/nocheenblanco.org\/2016\/130-actividades-noche-en-blanco-2016\/"]}]},{"@type":"BreadcrumbList","@id":"https:\/\/nocheenblanco.org\/2016\/130-actividades-noche-en-blanco-2016\/#breadcrumb","itemListElement":[{"@type":"ListItem","position":1,"name":"Portada","item":"https:\/\/nocheenblanco.org\/2016\/"},{"@type":"ListItem","position":2,"name":"130 actividades inundar\u00e1n de Cultura la Noche en Blanco 2016"}]},{"@type":"WebSite","@id":"https:\/\/nocheenblanco.org\/2016\/#website","url":"https:\/\/nocheenblanco.org\/2016\/","name":"Noche en Blanco - Sevilla 2016","description":"Una noche escrita para la cultura","publisher":{"@id":"https:\/\/nocheenblanco.org\/2016\/#organization"},"potentialAction":[{"@type":"SearchAction","target":{"@type":"EntryPoint","urlTemplate":"https:\/\/nocheenblanco.org\/2016\/?s={search_term_string}"},"query-input":"required name=search_term_string"}],"inLanguage":"es"},{"@type":"Organization","@id":"https:\/\/nocheenblanco.org\/2016\/#organization","name":"Noche en Blanco Sevilla","url":"https:\/\/nocheenblanco.org\/2016\/","logo":{"@type":"ImageObject","inLanguage":"es","@id":"https:\/\/nocheenblanco.org\/2016\/#\/schema\/logo\/image\/","url":"https:\/\/nocheenblanco.org\/2016\/wp-content\/uploads\/2016\/09\/LOGO1-01-1.png","contentUrl":"https:\/\/nocheenblanco.org\/2016\/wp-content\/uploads\/2016\/09\/LOGO1-01-1.png","width":619,"height":601,"caption":"Noche en Blanco Sevilla"},"image":{"@id":"https:\/\/nocheenblanco.org\/2016\/#\/schema\/logo\/image\/"},"sameAs":["https:\/\/www.facebook.com\/Nocheenblancosevilla","https:\/\/twitter.com\/nochenblanco"]},{"@type":"Person","@id":"https:\/\/nocheenblanco.org\/2016\/#\/schema\/person\/a1fbc9650796a5256b208ddcc3190d2c","name":"Manuel Fern\u00e1ndez","image":{"@type":"ImageObject","inLanguage":"es","@id":"https:\/\/nocheenblanco.org\/2016\/#\/schema\/person\/image\/","url":"https:\/\/secure.gravatar.com\/avatar\/ff808eeec03c36fa277779e500385080?s=96&d=https%3A%2F%2Fnocheenblanco.org%2F2016%2Fwp-content%2Fuploads%2F2015%2F08%2Flogoneb.png&r=g","contentUrl":"https:\/\/secure.gravatar.com\/avatar\/ff808eeec03c36fa277779e500385080?s=96&d=https%3A%2F%2Fnocheenblanco.org%2F2016%2Fwp-content%2Fuploads%2F2015%2F08%2Flogoneb.png&r=g","caption":"Manuel Fern\u00e1ndez"},"description":"Ingeniero inform\u00e1tico. Vicepresidente de sevillasemueve. Director de la Noche en Blanco. Miembro de Legado Expo Sevilla. Amante del turismo y de conocer lugares. Creo en una Sevilla capaz de conseguir grandes hitos, no necesariamente pasando por los t\u00f3picos.","sameAs":["http:\/\/manuferweb.es\/","https:\/\/twitter.com\/manufersvq"],"url":"https:\/\/nocheenblanco.org\/2016\/author\/manuelfr\/"}]}},"_links":{"self":[{"href":"https:\/\/nocheenblanco.org\/2016\/wp-json\/wp\/v2\/posts\/3681"}],"collection":[{"href":"https:\/\/nocheenblanco.org\/2016\/wp-json\/wp\/v2\/posts"}],"about":[{"href":"https:\/\/nocheenblanco.org\/2016\/wp-json\/wp\/v2\/types\/post"}],"author":[{"embeddable":true,"href":"https:\/\/nocheenblanco.org\/2016\/wp-json\/wp\/v2\/users\/1"}],"replies":[{"embeddable":true,"href":"https:\/\/nocheenblanco.org\/2016\/wp-json\/wp\/v2\/comments?post=3681"}],"version-history":[{"count":3,"href":"https:\/\/nocheenblanco.org\/2016\/wp-json\/wp\/v2\/posts\/3681\/revisions"}],"predecessor-version":[{"id":3839,"href":"https:\/\/nocheenblanco.org\/2016\/wp-json\/wp\/v2\/posts\/3681\/revisions\/3839"}],"wp:featuredmedia":[{"embeddable":true,"href":"https:\/\/nocheenblanco.org\/2016\/wp-json\/wp\/v2\/media\/3682"}],"wp:attachment":[{"href":"https:\/\/nocheenblanco.org\/2016\/wp-json\/wp\/v2\/media?parent=3681"}],"wp:term":[{"taxonomy":"category","embeddable":true,"href":"https:\/\/nocheenblanco.org\/2016\/wp-json\/wp\/v2\/categories?post=3681"},{"taxonomy":"post_tag","embeddable":true,"href":"https:\/\/nocheenblanco.org\/2016\/wp-json\/wp\/v2\/tags?post=3681"}],"curies":[{"name":"wp","href":"https:\/\/api.w.org\/{rel}","templated":true}]}}