{"id":3833,"date":"2016-10-04T19:48:23","date_gmt":"2016-10-04T17:48:23","guid":{"rendered":"http:\/\/sevillasemueve.org\/nocheenblanco2016\/?page_id=3833"},"modified":"2016-10-07T17:02:39","modified_gmt":"2016-10-07T15:02:39","slug":"concurso-fotografico-igerssevilla","status":"publish","type":"post","link":"https:\/\/nocheenblanco.org\/2016\/concurso-fotografico-igerssevilla\/","title":{"rendered":"Concurso fotogr\u00e1fico con Igerssevilla"},"content":{"rendered":"<p><img decoding=\"async\" loading=\"lazy\" class=\"aligncenter size-medium wp-image-3865\" src=\"https:\/\/nocheenblanco.org\/2016\/wp-content\/uploads\/2016\/10\/igerssevilla-350x350.jpg\" alt=\"igerssevilla\" width=\"350\" height=\"350\" srcset=\"https:\/\/nocheenblanco.org\/2016\/wp-content\/uploads\/2016\/10\/igerssevilla-350x350.jpg 350w, https:\/\/nocheenblanco.org\/2016\/wp-content\/uploads\/2016\/10\/igerssevilla-150x150.jpg 150w, https:\/\/nocheenblanco.org\/2016\/wp-content\/uploads\/2016\/10\/igerssevilla-768x768.jpg 768w, https:\/\/nocheenblanco.org\/2016\/wp-content\/uploads\/2016\/10\/igerssevilla-1024x1024.jpg 1024w, https:\/\/nocheenblanco.org\/2016\/wp-content\/uploads\/2016\/10\/igerssevilla-700x700.jpg 700w, https:\/\/nocheenblanco.org\/2016\/wp-content\/uploads\/2016\/10\/igerssevilla-520x520.jpg 520w, https:\/\/nocheenblanco.org\/2016\/wp-content\/uploads\/2016\/10\/igerssevilla-360x360.jpg 360w, https:\/\/nocheenblanco.org\/2016\/wp-content\/uploads\/2016\/10\/igerssevilla-250x250.jpg 250w, https:\/\/nocheenblanco.org\/2016\/wp-content\/uploads\/2016\/10\/igerssevilla-100x100.jpg 100w, https:\/\/nocheenblanco.org\/2016\/wp-content\/uploads\/2016\/10\/igerssevilla.jpg 1300w\" sizes=\"(max-width: 350px) 100vw, 350px\" \/><\/p>\n<p><span style=\"font-weight: 400;\">Instagramers Sevilla (<a href=\"http:\/\/www.instagram.com\/igerssevilla\">@igerssevilla<\/a>) en colaboraci\u00f3n con la Noche en Blanco Sevilla (<a href=\"http:\/\/www.instagram.com\/nocheenblancoSEV\">@nocheenblancosev<\/a>) lanza el reto <strong>#nocheenblancoSEV<\/strong> de <strong>#igerssevilla<\/strong> con el objetivo de incentivar la participaci\u00f3n de los usuarios de Instagram en el ambiente cultural de la ciudad con fotograf\u00edas de las actividades que se desarrollen en esta\u00a0<\/span><span style=\"font-weight: 400;\">Noche en Blanco de Sevilla 2016.<\/span><\/p>\n<p><span style=\"font-weight: 400;\">Pueden participar todos los usuarios de Instagram que sean seguidores de <a href=\"http:\/\/www.instagram.com\/igerssevilla\">@igerssevilla<\/a>\u00a0y <a href=\"http:\/\/www.instagram.com\/nocheenblancoSEV\">@nocheenblancosev<\/a>\u00a0con sus fotograf\u00edas subidas a esta plataforma y etiquetadas con el hashtag del reto y el de la comunidad #igerssevilla, cumpliendo con los requisitos indicados en estas bases.<\/span><\/p>\n<p>&nbsp;<\/p>\n<p>PREMIOS<\/p>\n<p><span style=\"font-weight: 400;\">Para este reto hemos conseguido el patrocinio de la <\/span><a href=\"https:\/\/nocheenblanco.org\/2016\/actividad\/rayuela-narradores-en-la-noche\/\"><b>Librer\u00eda Rayuela<\/b><\/a><span style=\"font-weight: 400;\"> (Calle Jos\u00e9 Luis Luque, 4), que aportar\u00e1 los premios para la fotograf\u00eda ganadora. Dichos <\/span><b>premios <\/b><span style=\"font-weight: 400;\">consisten en un lote de <\/span><b>\u00e1lbumes ilustrados (\u00abLa Cosa Perdida\u00bb y \u00abEl Cielo de Anna\u00bb) y un premio de 60\u20ac para gastar en productos o espect\u00e1culos culturales (entradas de teatro o conciertos, libros, por ejemplo)<\/b><span style=\"font-weight: 400;\"> a elegir por el ganador.<\/span><\/p>\n<p><img decoding=\"async\" loading=\"lazy\" class=\"aligncenter size-full wp-image-3377\" src=\"https:\/\/nocheenblanco.org\/2016\/wp-content\/uploads\/2016\/09\/rayuela.gif\" alt=\"rayuela\" width=\"269\" height=\"113\" \/><\/p>\n<p>&nbsp;<\/p>\n<p><strong><a href=\"https:\/\/nocheenblanco.org\/2016\/wp-content\/uploads\/2016\/10\/BasesdelretoIgersNEBsevilla.pdf\" target=\"_blank\">BASES DE PARTICIPACI\u00d3N<\/a><\/strong><\/p>\n","protected":false},"excerpt":{"rendered":"<p>Instagramers Sevilla (@igerssevilla) en colaboraci\u00f3n con la Noche en Blanco Sevilla (@nocheenblancosev) lanza el reto #nocheenblancoSEV de #igerssevilla con el objetivo de incentivar la participaci\u00f3n de los usuarios de Instagram en el ambiente cultural de la ciudad con fotograf\u00edas de [&hellip;]<\/p>\n","protected":false},"author":1,"featured_media":0,"comment_status":"closed","ping_status":"closed","sticky":false,"template":"","format":"standard","meta":{"_mi_skip_tracking":false,"_exactmetrics_sitenote_active":false,"_exactmetrics_sitenote_note":"","_exactmetrics_sitenote_category":0},"categories":[1],"tags":[],"yoast_head":"<!-- This site is optimized with the Yoast SEO plugin v20.6 - https:\/\/yoast.com\/wordpress\/plugins\/seo\/ -->\n<title>Concurso fotogr\u00e1fico con Igerssevilla - Noche en Blanco - Sevilla 2016<\/title>\n<meta name=\"robots\" content=\"index, follow, max-snippet:-1, max-image-preview:large, max-video-preview:-1\" \/>\n<link rel=\"canonical\" href=\"https:\/\/nocheenblanco.org\/2016\/concurso-fotografico-igerssevilla\/\" \/>\n<meta property=\"og:locale\" content=\"es_ES\" \/>\n<meta property=\"og:type\" content=\"article\" \/>\n<meta property=\"og:title\" content=\"Concurso fotogr\u00e1fico con Igerssevilla - Noche en Blanco - Sevilla 2016\" \/>\n<meta property=\"og:description\" content=\"Instagramers Sevilla (@igerssevilla) en colaboraci\u00f3n con la Noche en Blanco Sevilla (@nocheenblancosev) lanza el reto #nocheenblancoSEV de #igerssevilla con el objetivo de incentivar la participaci\u00f3n de los usuarios de Instagram en el ambiente cultural de la ciudad con fotograf\u00edas de [&hellip;]\" \/>\n<meta property=\"og:url\" content=\"https:\/\/nocheenblanco.org\/2016\/concurso-fotografico-igerssevilla\/\" \/>\n<meta property=\"og:site_name\" content=\"Noche en Blanco - Sevilla 2016\" \/>\n<meta property=\"article:publisher\" content=\"https:\/\/www.facebook.com\/Nocheenblancosevilla\" \/>\n<meta property=\"article:published_time\" content=\"2016-10-04T17:48:23+00:00\" \/>\n<meta property=\"article:modified_time\" content=\"2016-10-07T15:02:39+00:00\" \/>\n<meta property=\"og:image\" content=\"https:\/\/nocheenblanco.org\/2016\/wp-content\/uploads\/2016\/10\/igerssevilla-350x350.jpg\" \/>\n<meta name=\"author\" content=\"Manuel Fern\u00e1ndez\" \/>\n<meta name=\"twitter:card\" content=\"summary_large_image\" \/>\n<meta name=\"twitter:creator\" content=\"@manufersvq\" \/>\n<meta name=\"twitter:site\" content=\"@nochenblanco\" \/>\n<meta name=\"twitter:label1\" content=\"Escrito por\" \/>\n\t<meta name=\"twitter:data1\" content=\"Manuel Fern\u00e1ndez\" \/>\n\t<meta name=\"twitter:label2\" content=\"Tiempo de lectura\" \/>\n\t<meta name=\"twitter:data2\" content=\"1 minuto\" \/>\n<script type=\"application\/ld+json\" class=\"yoast-schema-graph\">{\"@context\":\"https:\/\/schema.org\",\"@graph\":[{\"@type\":\"Article\",\"@id\":\"https:\/\/nocheenblanco.org\/2016\/concurso-fotografico-igerssevilla\/#article\",\"isPartOf\":{\"@id\":\"https:\/\/nocheenblanco.org\/2016\/concurso-fotografico-igerssevilla\/\"},\"author\":{\"name\":\"Manuel Fern\u00e1ndez\",\"@id\":\"https:\/\/nocheenblanco.org\/2016\/#\/schema\/person\/a1fbc9650796a5256b208ddcc3190d2c\"},\"headline\":\"Concurso fotogr\u00e1fico con Igerssevilla\",\"datePublished\":\"2016-10-04T17:48:23+00:00\",\"dateModified\":\"2016-10-07T15:02:39+00:00\",\"mainEntityOfPage\":{\"@id\":\"https:\/\/nocheenblanco.org\/2016\/concurso-fotografico-igerssevilla\/\"},\"wordCount\":177,\"publisher\":{\"@id\":\"https:\/\/nocheenblanco.org\/2016\/#organization\"},\"articleSection\":[\"Extra NEB\"],\"inLanguage\":\"es\"},{\"@type\":\"WebPage\",\"@id\":\"https:\/\/nocheenblanco.org\/2016\/concurso-fotografico-igerssevilla\/\",\"url\":\"https:\/\/nocheenblanco.org\/2016\/concurso-fotografico-igerssevilla\/\",\"name\":\"Concurso fotogr\u00e1fico con Igerssevilla - Noche en Blanco - Sevilla 2016\",\"isPartOf\":{\"@id\":\"https:\/\/nocheenblanco.org\/2016\/#website\"},\"datePublished\":\"2016-10-04T17:48:23+00:00\",\"dateModified\":\"2016-10-07T15:02:39+00:00\",\"breadcrumb\":{\"@id\":\"https:\/\/nocheenblanco.org\/2016\/concurso-fotografico-igerssevilla\/#breadcrumb\"},\"inLanguage\":\"es\",\"potentialAction\":[{\"@type\":\"ReadAction\",\"target\":[\"https:\/\/nocheenblanco.org\/2016\/concurso-fotografico-igerssevilla\/\"]}]},{\"@type\":\"BreadcrumbList\",\"@id\":\"https:\/\/nocheenblanco.org\/2016\/concurso-fotografico-igerssevilla\/#breadcrumb\",\"itemListElement\":[{\"@type\":\"ListItem\",\"position\":1,\"name\":\"Portada\",\"item\":\"https:\/\/nocheenblanco.org\/2016\/\"},{\"@type\":\"ListItem\",\"position\":2,\"name\":\"Extra NEB\",\"item\":\"https:\/\/nocheenblanco.org\/2016\/extra-neb\/\"},{\"@type\":\"ListItem\",\"position\":3,\"name\":\"Concurso fotogr\u00e1fico con Igerssevilla\"}]},{\"@type\":\"WebSite\",\"@id\":\"https:\/\/nocheenblanco.org\/2016\/#website\",\"url\":\"https:\/\/nocheenblanco.org\/2016\/\",\"name\":\"Noche en Blanco - Sevilla 2016\",\"description\":\"Una noche escrita para la cultura\",\"publisher\":{\"@id\":\"https:\/\/nocheenblanco.org\/2016\/#organization\"},\"potentialAction\":[{\"@type\":\"SearchAction\",\"target\":{\"@type\":\"EntryPoint\",\"urlTemplate\":\"https:\/\/nocheenblanco.org\/2016\/?s={search_term_string}\"},\"query-input\":\"required name=search_term_string\"}],\"inLanguage\":\"es\"},{\"@type\":\"Organization\",\"@id\":\"https:\/\/nocheenblanco.org\/2016\/#organization\",\"name\":\"Noche en Blanco Sevilla\",\"url\":\"https:\/\/nocheenblanco.org\/2016\/\",\"logo\":{\"@type\":\"ImageObject\",\"inLanguage\":\"es\",\"@id\":\"https:\/\/nocheenblanco.org\/2016\/#\/schema\/logo\/image\/\",\"url\":\"https:\/\/nocheenblanco.org\/2016\/wp-content\/uploads\/2016\/09\/LOGO1-01-1.png\",\"contentUrl\":\"https:\/\/nocheenblanco.org\/2016\/wp-content\/uploads\/2016\/09\/LOGO1-01-1.png\",\"width\":619,\"height\":601,\"caption\":\"Noche en Blanco Sevilla\"},\"image\":{\"@id\":\"https:\/\/nocheenblanco.org\/2016\/#\/schema\/logo\/image\/\"},\"sameAs\":[\"https:\/\/www.facebook.com\/Nocheenblancosevilla\",\"https:\/\/twitter.com\/nochenblanco\"]},{\"@type\":\"Person\",\"@id\":\"https:\/\/nocheenblanco.org\/2016\/#\/schema\/person\/a1fbc9650796a5256b208ddcc3190d2c\",\"name\":\"Manuel Fern\u00e1ndez\",\"image\":{\"@type\":\"ImageObject\",\"inLanguage\":\"es\",\"@id\":\"https:\/\/nocheenblanco.org\/2016\/#\/schema\/person\/image\/\",\"url\":\"https:\/\/secure.gravatar.com\/avatar\/ff808eeec03c36fa277779e500385080?s=96&d=https%3A%2F%2Fnocheenblanco.org%2F2016%2Fwp-content%2Fuploads%2F2015%2F08%2Flogoneb.png&r=g\",\"contentUrl\":\"https:\/\/secure.gravatar.com\/avatar\/ff808eeec03c36fa277779e500385080?s=96&d=https%3A%2F%2Fnocheenblanco.org%2F2016%2Fwp-content%2Fuploads%2F2015%2F08%2Flogoneb.png&r=g\",\"caption\":\"Manuel Fern\u00e1ndez\"},\"description\":\"Ingeniero inform\u00e1tico. Vicepresidente de sevillasemueve. Director de la Noche en Blanco. Miembro de Legado Expo Sevilla. Amante del turismo y de conocer lugares. Creo en una Sevilla capaz de conseguir grandes hitos, no necesariamente pasando por los t\u00f3picos.\",\"sameAs\":[\"http:\/\/manuferweb.es\/\",\"https:\/\/twitter.com\/manufersvq\"],\"url\":\"https:\/\/nocheenblanco.org\/2016\/author\/manuelfr\/\"}]}<\/script>\n<!-- \/ Yoast SEO plugin. -->","yoast_head_json":{"title":"Concurso fotogr\u00e1fico con Igerssevilla - Noche en Blanco - Sevilla 2016","robots":{"index":"index","follow":"follow","max-snippet":"max-snippet:-1","max-image-preview":"max-image-preview:large","max-video-preview":"max-video-preview:-1"},"canonical":"https:\/\/nocheenblanco.org\/2016\/concurso-fotografico-igerssevilla\/","og_locale":"es_ES","og_type":"article","og_title":"Concurso fotogr\u00e1fico con Igerssevilla - Noche en Blanco - Sevilla 2016","og_description":"Instagramers Sevilla (@igerssevilla) en colaboraci\u00f3n con la Noche en Blanco Sevilla (@nocheenblancosev) lanza el reto #nocheenblancoSEV de #igerssevilla con el objetivo de incentivar la participaci\u00f3n de los usuarios de Instagram en el ambiente cultural de la ciudad con fotograf\u00edas de [&hellip;]","og_url":"https:\/\/nocheenblanco.org\/2016\/concurso-fotografico-igerssevilla\/","og_site_name":"Noche en Blanco - Sevilla 2016","article_publisher":"https:\/\/www.facebook.com\/Nocheenblancosevilla","article_published_time":"2016-10-04T17:48:23+00:00","article_modified_time":"2016-10-07T15:02:39+00:00","og_image":[{"url":"https:\/\/nocheenblanco.org\/2016\/wp-content\/uploads\/2016\/10\/igerssevilla-350x350.jpg"}],"author":"Manuel Fern\u00e1ndez","twitter_card":"summary_large_image","twitter_creator":"@manufersvq","twitter_site":"@nochenblanco","twitter_misc":{"Escrito por":"Manuel Fern\u00e1ndez","Tiempo de lectura":"1 minuto"},"schema":{"@context":"https:\/\/schema.org","@graph":[{"@type":"Article","@id":"https:\/\/nocheenblanco.org\/2016\/concurso-fotografico-igerssevilla\/#article","isPartOf":{"@id":"https:\/\/nocheenblanco.org\/2016\/concurso-fotografico-igerssevilla\/"},"author":{"name":"Manuel Fern\u00e1ndez","@id":"https:\/\/nocheenblanco.org\/2016\/#\/schema\/person\/a1fbc9650796a5256b208ddcc3190d2c"},"headline":"Concurso fotogr\u00e1fico con Igerssevilla","datePublished":"2016-10-04T17:48:23+00:00","dateModified":"2016-10-07T15:02:39+00:00","mainEntityOfPage":{"@id":"https:\/\/nocheenblanco.org\/2016\/concurso-fotografico-igerssevilla\/"},"wordCount":177,"publisher":{"@id":"https:\/\/nocheenblanco.org\/2016\/#organization"},"articleSection":["Extra NEB"],"inLanguage":"es"},{"@type":"WebPage","@id":"https:\/\/nocheenblanco.org\/2016\/concurso-fotografico-igerssevilla\/","url":"https:\/\/nocheenblanco.org\/2016\/concurso-fotografico-igerssevilla\/","name":"Concurso fotogr\u00e1fico con Igerssevilla - Noche en Blanco - Sevilla 2016","isPartOf":{"@id":"https:\/\/nocheenblanco.org\/2016\/#website"},"datePublished":"2016-10-04T17:48:23+00:00","dateModified":"2016-10-07T15:02:39+00:00","breadcrumb":{"@id":"https:\/\/nocheenblanco.org\/2016\/concurso-fotografico-igerssevilla\/#breadcrumb"},"inLanguage":"es","potentialAction":[{"@type":"ReadAction","target":["https:\/\/nocheenblanco.org\/2016\/concurso-fotografico-igerssevilla\/"]}]},{"@type":"BreadcrumbList","@id":"https:\/\/nocheenblanco.org\/2016\/concurso-fotografico-igerssevilla\/#breadcrumb","itemListElement":[{"@type":"ListItem","position":1,"name":"Portada","item":"https:\/\/nocheenblanco.org\/2016\/"},{"@type":"ListItem","position":2,"name":"Extra NEB","item":"https:\/\/nocheenblanco.org\/2016\/extra-neb\/"},{"@type":"ListItem","position":3,"name":"Concurso fotogr\u00e1fico con Igerssevilla"}]},{"@type":"WebSite","@id":"https:\/\/nocheenblanco.org\/2016\/#website","url":"https:\/\/nocheenblanco.org\/2016\/","name":"Noche en Blanco - Sevilla 2016","description":"Una noche escrita para la cultura","publisher":{"@id":"https:\/\/nocheenblanco.org\/2016\/#organization"},"potentialAction":[{"@type":"SearchAction","target":{"@type":"EntryPoint","urlTemplate":"https:\/\/nocheenblanco.org\/2016\/?s={search_term_string}"},"query-input":"required name=search_term_string"}],"inLanguage":"es"},{"@type":"Organization","@id":"https:\/\/nocheenblanco.org\/2016\/#organization","name":"Noche en Blanco Sevilla","url":"https:\/\/nocheenblanco.org\/2016\/","logo":{"@type":"ImageObject","inLanguage":"es","@id":"https:\/\/nocheenblanco.org\/2016\/#\/schema\/logo\/image\/","url":"https:\/\/nocheenblanco.org\/2016\/wp-content\/uploads\/2016\/09\/LOGO1-01-1.png","contentUrl":"https:\/\/nocheenblanco.org\/2016\/wp-content\/uploads\/2016\/09\/LOGO1-01-1.png","width":619,"height":601,"caption":"Noche en Blanco Sevilla"},"image":{"@id":"https:\/\/nocheenblanco.org\/2016\/#\/schema\/logo\/image\/"},"sameAs":["https:\/\/www.facebook.com\/Nocheenblancosevilla","https:\/\/twitter.com\/nochenblanco"]},{"@type":"Person","@id":"https:\/\/nocheenblanco.org\/2016\/#\/schema\/person\/a1fbc9650796a5256b208ddcc3190d2c","name":"Manuel Fern\u00e1ndez","image":{"@type":"ImageObject","inLanguage":"es","@id":"https:\/\/nocheenblanco.org\/2016\/#\/schema\/person\/image\/","url":"https:\/\/secure.gravatar.com\/avatar\/ff808eeec03c36fa277779e500385080?s=96&d=https%3A%2F%2Fnocheenblanco.org%2F2016%2Fwp-content%2Fuploads%2F2015%2F08%2Flogoneb.png&r=g","contentUrl":"https:\/\/secure.gravatar.com\/avatar\/ff808eeec03c36fa277779e500385080?s=96&d=https%3A%2F%2Fnocheenblanco.org%2F2016%2Fwp-content%2Fuploads%2F2015%2F08%2Flogoneb.png&r=g","caption":"Manuel Fern\u00e1ndez"},"description":"Ingeniero inform\u00e1tico. Vicepresidente de sevillasemueve. Director de la Noche en Blanco. Miembro de Legado Expo Sevilla. Amante del turismo y de conocer lugares. Creo en una Sevilla capaz de conseguir grandes hitos, no necesariamente pasando por los t\u00f3picos.","sameAs":["http:\/\/manuferweb.es\/","https:\/\/twitter.com\/manufersvq"],"url":"https:\/\/nocheenblanco.org\/2016\/author\/manuelfr\/"}]}},"_links":{"self":[{"href":"https:\/\/nocheenblanco.org\/2016\/wp-json\/wp\/v2\/posts\/3833"}],"collection":[{"href":"https:\/\/nocheenblanco.org\/2016\/wp-json\/wp\/v2\/posts"}],"about":[{"href":"https:\/\/nocheenblanco.org\/2016\/wp-json\/wp\/v2\/types\/post"}],"author":[{"embeddable":true,"href":"https:\/\/nocheenblanco.org\/2016\/wp-json\/wp\/v2\/users\/1"}],"replies":[{"embeddable":true,"href":"https:\/\/nocheenblanco.org\/2016\/wp-json\/wp\/v2\/comments?post=3833"}],"version-history":[{"count":7,"href":"https:\/\/nocheenblanco.org\/2016\/wp-json\/wp\/v2\/posts\/3833\/revisions"}],"predecessor-version":[{"id":3888,"href":"https:\/\/nocheenblanco.org\/2016\/wp-json\/wp\/v2\/posts\/3833\/revisions\/3888"}],"wp:attachment":[{"href":"https:\/\/nocheenblanco.org\/2016\/wp-json\/wp\/v2\/media?parent=3833"}],"wp:term":[{"taxonomy":"category","embeddable":true,"href":"https:\/\/nocheenblanco.org\/2016\/wp-json\/wp\/v2\/categories?post=3833"},{"taxonomy":"post_tag","embeddable":true,"href":"https:\/\/nocheenblanco.org\/2016\/wp-json\/wp\/v2\/tags?post=3833"}],"curies":[{"name":"wp","href":"https:\/\/api.w.org\/{rel}","templated":true}]}}