{"id":3890,"date":"2016-10-16T22:28:27","date_gmt":"2016-10-16T20:28:27","guid":{"rendered":"http:\/\/sevillasemueve.org\/nocheenblanco2016\/?p=3890"},"modified":"2016-10-16T22:28:45","modified_gmt":"2016-10-16T20:28:45","slug":"noche-en-blanco-exito-80000-visitas","status":"publish","type":"post","link":"https:\/\/nocheenblanco.org\/2016\/noche-en-blanco-exito-80000-visitas\/","title":{"rendered":"La Noche en Blanco 2016 repite su \u00e9xito con m\u00e1s de 80.000 visitas"},"content":{"rendered":"<p style=\"text-align: justify;\"><b>La <a href=\"http:\/\/nocheenblanco.org\" target=\"_blank\">Noche en Blanco<\/a> suma 15.000 visitas m\u00e1s que el a\u00f1o anterior, batiendo r\u00e9cords de p\u00fablico, espacios y actividades participantes. Sevillasemueve valora la afluencia de p\u00fablico y la implicaci\u00f3n de organizaciones p\u00fablicas y privadas que sumaron m\u00e1s de 140 actividades en la quinta edici\u00f3n.<\/b><\/p>\n<p style=\"text-align: justify;\"><span style=\"font-weight: 400;\">La quinta edici\u00f3n de la Noche en Blanco de Sevilla organizada por la <a href=\"http:\/\/sevillasemueve.org\" target=\"_blank\">Asociaci\u00f3n \u2018sevillasemueve\u2019 <\/a>consigui\u00f3 aglutinar el pasado viernes 7 de octubre a m\u00e1s de 80.000 visitas en los m\u00e1s de 140 espacios y actividades que conformaron la programaci\u00f3n cultural. Esto supone un incremento de m\u00e1s de 15.000 personas respecto a la pasada edici\u00f3n.<\/span><\/p>\n<figure id=\"attachment_1601\" aria-describedby=\"caption-attachment-1601\" style=\"width: 300px\" class=\"wp-caption aligncenter\"><a href=\"http:\/\/sevillasemueve.org\/?attachment_id=1601\" rel=\"attachment wp-att-1601\"><img decoding=\"async\" loading=\"lazy\" class=\"size-medium wp-image-1601\" src=\"http:\/\/sevillasemueve.org\/wp-content\/uploads\/2016\/10\/CuMn3CcWgAAW9c4-300x225.jpg\" alt=\"Noche en Blanco 2016\" width=\"300\" height=\"225\" \/><\/a><figcaption id=\"caption-attachment-1601\" class=\"wp-caption-text\">Noche en Blanco 2016<\/figcaption><\/figure>\n<p style=\"text-align: justify;\"><!--more--><\/p>\n<p style=\"text-align: justify;\"><span style=\"font-weight: 400;\">Es el recuento \u201cprudente\u201d realizado con los datos aportados por los distintos participantes, se pone de manifiesto \u201c\u00e9l \u00e9xito de un evento de estas caracter\u00edsticas, que pretende ante todo, poner en valor el amplio abanico cultural de la ciudad, animando a participar en el durante todo el a\u00f1o\u201d.<\/span><\/p>\n<p style=\"text-align: justify;\"><span style=\"font-weight: 400;\">As\u00ed lo expresa Manuel Fern\u00e1ndez, vicepresidente de \u2018sevillasemueve\u2019 quien ha destacado que pese a las cifras contabilizadas \u201cla afluencia de p\u00fablico al entorno de las diferentes actividades fue con toda probabilidad superior\u201d. Igualmente en las redes sociales, la Noche en Blanco se situ\u00f3 como Trending Topic en Espa\u00f1a, durante la noche del 7 de octubre.<\/span><\/p>\n<p style=\"text-align: justify;\"><span style=\"font-weight: 400;\">Respecto a los datos de transporte p\u00fablico, las l\u00edneas de Tussam registraron 307.750 viajeros lo que supone un 7,2% m\u00e1s que el viernes anterior, y un 4,5% m\u00e1s que la media de los viernes del mes de octubre. Las l\u00edneas nocturnas anotaron, por su parte, 5.861 viajeros, un incremento del 33% respecto al a\u00f1o anterior. Respecto a Metro de Sevilla, \u00a0entre las 19:00 y las 03:00 horas de la madrugada, se transportaron 29.709 viajeros, el doble que un viernes normal en la misma franja horaria.<\/span><\/p>\n<p style=\"text-align: justify;\"><span style=\"font-weight: 400;\">Ante esto, Fern\u00e1ndez ha mostrado su satisfacci\u00f3n por el creciente n\u00famero de visitantes que consolida, no s\u00f3lo los grandes espacios, sino tambi\u00e9n aquellos de menor tama\u00f1o y poco conocidos que ponen en marcha actividades con motivo de la Noche en Blanco. Ha destacado adem\u00e1s la satisfacci\u00f3n de \u2018sevillasemueve\u2019 de poder contar con la participaci\u00f3n de las cuatro administraciones p\u00fablicas (Estado, Junta, Diputaci\u00f3n y Ayuntamiento de Sevilla) y la inclusi\u00f3n de programaciones espec\u00edficas en el transporte p\u00fablico con motivo de la Noche en Blanco.<\/span><\/p>\n<p style=\"text-align: justify;\"><span style=\"font-weight: 400;\">Asimismo, \u2018sevillasemueve\u2019 resalta la ausencia de incidentes, m\u00e1s all\u00e1 de las grandes aglomeraciones y colas para acceder a los principales espacios abiertos.<\/span><\/p>\n<p style=\"text-align: justify;\"><span style=\"font-weight: 400;\">Finalmente Fern\u00e1ndez ha querido agradecer la colaboraci\u00f3n de todos los participantes p\u00fablicos y privados por apostar por la Noche en Blanco, y especialmente a los patrocinadores: la Facultad de Bellas Artes de la Universidad de Sevilla, el encuentro ARTS Sevilla, la Casa de la Ciencia, el Centro Cultural Flamenco, Isla M\u00e1gica, Ispavilia, Metro de Sevilla y Fundaci\u00f3n Cajasol. Igualmente ha tenido palabras de agradecimiento por la especial colaboraci\u00f3n de Comalis y Sevilla Actualidad, como medio oficial del evento.<\/span><\/p>\n","protected":false},"excerpt":{"rendered":"<p>La Noche en Blanco suma 15.000 visitas m\u00e1s que el a\u00f1o anterior, batiendo r\u00e9cords de p\u00fablico, espacios y actividades participantes. Sevillasemueve valora la afluencia de p\u00fablico y la implicaci\u00f3n de organizaciones p\u00fablicas y privadas que sumaron m\u00e1s de 140 actividades [&hellip;]<\/p>\n","protected":false},"author":1,"featured_media":3892,"comment_status":"closed","ping_status":"closed","sticky":false,"template":"","format":"standard","meta":{"_mi_skip_tracking":false,"_exactmetrics_sitenote_active":false,"_exactmetrics_sitenote_note":"","_exactmetrics_sitenote_category":0},"categories":[78],"tags":[98],"yoast_head":"<!-- This site is optimized with the Yoast SEO plugin v20.6 - https:\/\/yoast.com\/wordpress\/plugins\/seo\/ -->\n<title>La Noche en Blanco 2016 repite su \u00e9xito con m\u00e1s de 80.000 visitas - Noche en Blanco - Sevilla 2016<\/title>\n<meta name=\"description\" content=\"La Noche en Blanco suma 80.000 visitas en su edici\u00f3n 2016, batiendo r\u00e9cords de p\u00fablico, espacios y actividades participantes.\" \/>\n<meta name=\"robots\" content=\"index, follow, max-snippet:-1, max-image-preview:large, max-video-preview:-1\" \/>\n<link rel=\"canonical\" href=\"https:\/\/nocheenblanco.org\/2016\/noche-en-blanco-exito-80000-visitas\/\" \/>\n<meta property=\"og:locale\" content=\"es_ES\" \/>\n<meta property=\"og:type\" content=\"article\" \/>\n<meta property=\"og:title\" content=\"La Noche en Blanco 2016 repite su \u00e9xito con m\u00e1s de 80.000 visitas - Noche en Blanco - Sevilla 2016\" \/>\n<meta property=\"og:description\" content=\"La Noche en Blanco suma 80.000 visitas en su edici\u00f3n 2016, batiendo r\u00e9cords de p\u00fablico, espacios y actividades participantes.\" \/>\n<meta property=\"og:url\" content=\"https:\/\/nocheenblanco.org\/2016\/noche-en-blanco-exito-80000-visitas\/\" \/>\n<meta property=\"og:site_name\" content=\"Noche en Blanco - Sevilla 2016\" \/>\n<meta property=\"article:publisher\" content=\"https:\/\/www.facebook.com\/Nocheenblancosevilla\" \/>\n<meta property=\"article:published_time\" content=\"2016-10-16T20:28:27+00:00\" \/>\n<meta property=\"article:modified_time\" content=\"2016-10-16T20:28:45+00:00\" \/>\n<meta property=\"og:image\" content=\"https:\/\/nocheenblanco.org\/2016\/wp-content\/uploads\/2016\/10\/CuMn3CcWgAAW9c4.jpg\" \/>\n\t<meta property=\"og:image:width\" content=\"1200\" \/>\n\t<meta property=\"og:image:height\" content=\"900\" \/>\n\t<meta property=\"og:image:type\" content=\"image\/jpeg\" \/>\n<meta name=\"author\" content=\"Manuel Fern\u00e1ndez\" \/>\n<meta name=\"twitter:card\" content=\"summary_large_image\" \/>\n<meta name=\"twitter:creator\" content=\"@manufersvq\" \/>\n<meta name=\"twitter:site\" content=\"@nochenblanco\" \/>\n<meta name=\"twitter:label1\" content=\"Escrito por\" \/>\n\t<meta name=\"twitter:data1\" content=\"Manuel Fern\u00e1ndez\" \/>\n\t<meta name=\"twitter:label2\" content=\"Tiempo de lectura\" \/>\n\t<meta name=\"twitter:data2\" content=\"3 minutos\" \/>\n<script type=\"application\/ld+json\" class=\"yoast-schema-graph\">{\"@context\":\"https:\/\/schema.org\",\"@graph\":[{\"@type\":\"Article\",\"@id\":\"https:\/\/nocheenblanco.org\/2016\/noche-en-blanco-exito-80000-visitas\/#article\",\"isPartOf\":{\"@id\":\"https:\/\/nocheenblanco.org\/2016\/noche-en-blanco-exito-80000-visitas\/\"},\"author\":{\"name\":\"Manuel Fern\u00e1ndez\",\"@id\":\"https:\/\/nocheenblanco.org\/2016\/#\/schema\/person\/a1fbc9650796a5256b208ddcc3190d2c\"},\"headline\":\"La Noche en Blanco 2016 repite su \u00e9xito con m\u00e1s de 80.000 visitas\",\"datePublished\":\"2016-10-16T20:28:27+00:00\",\"dateModified\":\"2016-10-16T20:28:45+00:00\",\"mainEntityOfPage\":{\"@id\":\"https:\/\/nocheenblanco.org\/2016\/noche-en-blanco-exito-80000-visitas\/\"},\"wordCount\":525,\"publisher\":{\"@id\":\"https:\/\/nocheenblanco.org\/2016\/#organization\"},\"keywords\":[\"noche en blanco\"],\"articleSection\":[\"Notas de Prensa\"],\"inLanguage\":\"es\"},{\"@type\":\"WebPage\",\"@id\":\"https:\/\/nocheenblanco.org\/2016\/noche-en-blanco-exito-80000-visitas\/\",\"url\":\"https:\/\/nocheenblanco.org\/2016\/noche-en-blanco-exito-80000-visitas\/\",\"name\":\"La Noche en Blanco 2016 repite su \u00e9xito con m\u00e1s de 80.000 visitas - Noche en Blanco - Sevilla 2016\",\"isPartOf\":{\"@id\":\"https:\/\/nocheenblanco.org\/2016\/#website\"},\"datePublished\":\"2016-10-16T20:28:27+00:00\",\"dateModified\":\"2016-10-16T20:28:45+00:00\",\"description\":\"La Noche en Blanco suma 80.000 visitas en su edici\u00f3n 2016, batiendo r\u00e9cords de p\u00fablico, espacios y actividades participantes.\",\"breadcrumb\":{\"@id\":\"https:\/\/nocheenblanco.org\/2016\/noche-en-blanco-exito-80000-visitas\/#breadcrumb\"},\"inLanguage\":\"es\",\"potentialAction\":[{\"@type\":\"ReadAction\",\"target\":[\"https:\/\/nocheenblanco.org\/2016\/noche-en-blanco-exito-80000-visitas\/\"]}]},{\"@type\":\"BreadcrumbList\",\"@id\":\"https:\/\/nocheenblanco.org\/2016\/noche-en-blanco-exito-80000-visitas\/#breadcrumb\",\"itemListElement\":[{\"@type\":\"ListItem\",\"position\":1,\"name\":\"Portada\",\"item\":\"https:\/\/nocheenblanco.org\/2016\/\"},{\"@type\":\"ListItem\",\"position\":2,\"name\":\"La Noche en Blanco 2016 repite su \u00e9xito con m\u00e1s de 80.000 visitas\"}]},{\"@type\":\"WebSite\",\"@id\":\"https:\/\/nocheenblanco.org\/2016\/#website\",\"url\":\"https:\/\/nocheenblanco.org\/2016\/\",\"name\":\"Noche en Blanco - Sevilla 2016\",\"description\":\"Una noche escrita para la cultura\",\"publisher\":{\"@id\":\"https:\/\/nocheenblanco.org\/2016\/#organization\"},\"potentialAction\":[{\"@type\":\"SearchAction\",\"target\":{\"@type\":\"EntryPoint\",\"urlTemplate\":\"https:\/\/nocheenblanco.org\/2016\/?s={search_term_string}\"},\"query-input\":\"required name=search_term_string\"}],\"inLanguage\":\"es\"},{\"@type\":\"Organization\",\"@id\":\"https:\/\/nocheenblanco.org\/2016\/#organization\",\"name\":\"Noche en Blanco Sevilla\",\"url\":\"https:\/\/nocheenblanco.org\/2016\/\",\"logo\":{\"@type\":\"ImageObject\",\"inLanguage\":\"es\",\"@id\":\"https:\/\/nocheenblanco.org\/2016\/#\/schema\/logo\/image\/\",\"url\":\"https:\/\/nocheenblanco.org\/2016\/wp-content\/uploads\/2016\/09\/LOGO1-01-1.png\",\"contentUrl\":\"https:\/\/nocheenblanco.org\/2016\/wp-content\/uploads\/2016\/09\/LOGO1-01-1.png\",\"width\":619,\"height\":601,\"caption\":\"Noche en Blanco Sevilla\"},\"image\":{\"@id\":\"https:\/\/nocheenblanco.org\/2016\/#\/schema\/logo\/image\/\"},\"sameAs\":[\"https:\/\/www.facebook.com\/Nocheenblancosevilla\",\"https:\/\/twitter.com\/nochenblanco\"]},{\"@type\":\"Person\",\"@id\":\"https:\/\/nocheenblanco.org\/2016\/#\/schema\/person\/a1fbc9650796a5256b208ddcc3190d2c\",\"name\":\"Manuel Fern\u00e1ndez\",\"image\":{\"@type\":\"ImageObject\",\"inLanguage\":\"es\",\"@id\":\"https:\/\/nocheenblanco.org\/2016\/#\/schema\/person\/image\/\",\"url\":\"https:\/\/secure.gravatar.com\/avatar\/ff808eeec03c36fa277779e500385080?s=96&d=https%3A%2F%2Fnocheenblanco.org%2F2016%2Fwp-content%2Fuploads%2F2015%2F08%2Flogoneb.png&r=g\",\"contentUrl\":\"https:\/\/secure.gravatar.com\/avatar\/ff808eeec03c36fa277779e500385080?s=96&d=https%3A%2F%2Fnocheenblanco.org%2F2016%2Fwp-content%2Fuploads%2F2015%2F08%2Flogoneb.png&r=g\",\"caption\":\"Manuel Fern\u00e1ndez\"},\"description\":\"Ingeniero inform\u00e1tico. Vicepresidente de sevillasemueve. Director de la Noche en Blanco. Miembro de Legado Expo Sevilla. Amante del turismo y de conocer lugares. Creo en una Sevilla capaz de conseguir grandes hitos, no necesariamente pasando por los t\u00f3picos.\",\"sameAs\":[\"http:\/\/manuferweb.es\/\",\"https:\/\/twitter.com\/manufersvq\"],\"url\":\"https:\/\/nocheenblanco.org\/2016\/author\/manuelfr\/\"}]}<\/script>\n<!-- \/ Yoast SEO plugin. -->","yoast_head_json":{"title":"La Noche en Blanco 2016 repite su \u00e9xito con m\u00e1s de 80.000 visitas - Noche en Blanco - Sevilla 2016","description":"La Noche en Blanco suma 80.000 visitas en su edici\u00f3n 2016, batiendo r\u00e9cords de p\u00fablico, espacios y actividades participantes.","robots":{"index":"index","follow":"follow","max-snippet":"max-snippet:-1","max-image-preview":"max-image-preview:large","max-video-preview":"max-video-preview:-1"},"canonical":"https:\/\/nocheenblanco.org\/2016\/noche-en-blanco-exito-80000-visitas\/","og_locale":"es_ES","og_type":"article","og_title":"La Noche en Blanco 2016 repite su \u00e9xito con m\u00e1s de 80.000 visitas - Noche en Blanco - Sevilla 2016","og_description":"La Noche en Blanco suma 80.000 visitas en su edici\u00f3n 2016, batiendo r\u00e9cords de p\u00fablico, espacios y actividades participantes.","og_url":"https:\/\/nocheenblanco.org\/2016\/noche-en-blanco-exito-80000-visitas\/","og_site_name":"Noche en Blanco - Sevilla 2016","article_publisher":"https:\/\/www.facebook.com\/Nocheenblancosevilla","article_published_time":"2016-10-16T20:28:27+00:00","article_modified_time":"2016-10-16T20:28:45+00:00","og_image":[{"width":1200,"height":900,"url":"https:\/\/nocheenblanco.org\/2016\/wp-content\/uploads\/2016\/10\/CuMn3CcWgAAW9c4.jpg","type":"image\/jpeg"}],"author":"Manuel Fern\u00e1ndez","twitter_card":"summary_large_image","twitter_creator":"@manufersvq","twitter_site":"@nochenblanco","twitter_misc":{"Escrito por":"Manuel Fern\u00e1ndez","Tiempo de lectura":"3 minutos"},"schema":{"@context":"https:\/\/schema.org","@graph":[{"@type":"Article","@id":"https:\/\/nocheenblanco.org\/2016\/noche-en-blanco-exito-80000-visitas\/#article","isPartOf":{"@id":"https:\/\/nocheenblanco.org\/2016\/noche-en-blanco-exito-80000-visitas\/"},"author":{"name":"Manuel Fern\u00e1ndez","@id":"https:\/\/nocheenblanco.org\/2016\/#\/schema\/person\/a1fbc9650796a5256b208ddcc3190d2c"},"headline":"La Noche en Blanco 2016 repite su \u00e9xito con m\u00e1s de 80.000 visitas","datePublished":"2016-10-16T20:28:27+00:00","dateModified":"2016-10-16T20:28:45+00:00","mainEntityOfPage":{"@id":"https:\/\/nocheenblanco.org\/2016\/noche-en-blanco-exito-80000-visitas\/"},"wordCount":525,"publisher":{"@id":"https:\/\/nocheenblanco.org\/2016\/#organization"},"keywords":["noche en blanco"],"articleSection":["Notas de Prensa"],"inLanguage":"es"},{"@type":"WebPage","@id":"https:\/\/nocheenblanco.org\/2016\/noche-en-blanco-exito-80000-visitas\/","url":"https:\/\/nocheenblanco.org\/2016\/noche-en-blanco-exito-80000-visitas\/","name":"La Noche en Blanco 2016 repite su \u00e9xito con m\u00e1s de 80.000 visitas - Noche en Blanco - Sevilla 2016","isPartOf":{"@id":"https:\/\/nocheenblanco.org\/2016\/#website"},"datePublished":"2016-10-16T20:28:27+00:00","dateModified":"2016-10-16T20:28:45+00:00","description":"La Noche en Blanco suma 80.000 visitas en su edici\u00f3n 2016, batiendo r\u00e9cords de p\u00fablico, espacios y actividades participantes.","breadcrumb":{"@id":"https:\/\/nocheenblanco.org\/2016\/noche-en-blanco-exito-80000-visitas\/#breadcrumb"},"inLanguage":"es","potentialAction":[{"@type":"ReadAction","target":["https:\/\/nocheenblanco.org\/2016\/noche-en-blanco-exito-80000-visitas\/"]}]},{"@type":"BreadcrumbList","@id":"https:\/\/nocheenblanco.org\/2016\/noche-en-blanco-exito-80000-visitas\/#breadcrumb","itemListElement":[{"@type":"ListItem","position":1,"name":"Portada","item":"https:\/\/nocheenblanco.org\/2016\/"},{"@type":"ListItem","position":2,"name":"La Noche en Blanco 2016 repite su \u00e9xito con m\u00e1s de 80.000 visitas"}]},{"@type":"WebSite","@id":"https:\/\/nocheenblanco.org\/2016\/#website","url":"https:\/\/nocheenblanco.org\/2016\/","name":"Noche en Blanco - Sevilla 2016","description":"Una noche escrita para la cultura","publisher":{"@id":"https:\/\/nocheenblanco.org\/2016\/#organization"},"potentialAction":[{"@type":"SearchAction","target":{"@type":"EntryPoint","urlTemplate":"https:\/\/nocheenblanco.org\/2016\/?s={search_term_string}"},"query-input":"required name=search_term_string"}],"inLanguage":"es"},{"@type":"Organization","@id":"https:\/\/nocheenblanco.org\/2016\/#organization","name":"Noche en Blanco Sevilla","url":"https:\/\/nocheenblanco.org\/2016\/","logo":{"@type":"ImageObject","inLanguage":"es","@id":"https:\/\/nocheenblanco.org\/2016\/#\/schema\/logo\/image\/","url":"https:\/\/nocheenblanco.org\/2016\/wp-content\/uploads\/2016\/09\/LOGO1-01-1.png","contentUrl":"https:\/\/nocheenblanco.org\/2016\/wp-content\/uploads\/2016\/09\/LOGO1-01-1.png","width":619,"height":601,"caption":"Noche en Blanco Sevilla"},"image":{"@id":"https:\/\/nocheenblanco.org\/2016\/#\/schema\/logo\/image\/"},"sameAs":["https:\/\/www.facebook.com\/Nocheenblancosevilla","https:\/\/twitter.com\/nochenblanco"]},{"@type":"Person","@id":"https:\/\/nocheenblanco.org\/2016\/#\/schema\/person\/a1fbc9650796a5256b208ddcc3190d2c","name":"Manuel Fern\u00e1ndez","image":{"@type":"ImageObject","inLanguage":"es","@id":"https:\/\/nocheenblanco.org\/2016\/#\/schema\/person\/image\/","url":"https:\/\/secure.gravatar.com\/avatar\/ff808eeec03c36fa277779e500385080?s=96&d=https%3A%2F%2Fnocheenblanco.org%2F2016%2Fwp-content%2Fuploads%2F2015%2F08%2Flogoneb.png&r=g","contentUrl":"https:\/\/secure.gravatar.com\/avatar\/ff808eeec03c36fa277779e500385080?s=96&d=https%3A%2F%2Fnocheenblanco.org%2F2016%2Fwp-content%2Fuploads%2F2015%2F08%2Flogoneb.png&r=g","caption":"Manuel Fern\u00e1ndez"},"description":"Ingeniero inform\u00e1tico. Vicepresidente de sevillasemueve. Director de la Noche en Blanco. Miembro de Legado Expo Sevilla. Amante del turismo y de conocer lugares. Creo en una Sevilla capaz de conseguir grandes hitos, no necesariamente pasando por los t\u00f3picos.","sameAs":["http:\/\/manuferweb.es\/","https:\/\/twitter.com\/manufersvq"],"url":"https:\/\/nocheenblanco.org\/2016\/author\/manuelfr\/"}]}},"_links":{"self":[{"href":"https:\/\/nocheenblanco.org\/2016\/wp-json\/wp\/v2\/posts\/3890"}],"collection":[{"href":"https:\/\/nocheenblanco.org\/2016\/wp-json\/wp\/v2\/posts"}],"about":[{"href":"https:\/\/nocheenblanco.org\/2016\/wp-json\/wp\/v2\/types\/post"}],"author":[{"embeddable":true,"href":"https:\/\/nocheenblanco.org\/2016\/wp-json\/wp\/v2\/users\/1"}],"replies":[{"embeddable":true,"href":"https:\/\/nocheenblanco.org\/2016\/wp-json\/wp\/v2\/comments?post=3890"}],"version-history":[{"count":2,"href":"https:\/\/nocheenblanco.org\/2016\/wp-json\/wp\/v2\/posts\/3890\/revisions"}],"predecessor-version":[{"id":3894,"href":"https:\/\/nocheenblanco.org\/2016\/wp-json\/wp\/v2\/posts\/3890\/revisions\/3894"}],"wp:featuredmedia":[{"embeddable":true,"href":"https:\/\/nocheenblanco.org\/2016\/wp-json\/wp\/v2\/media\/3892"}],"wp:attachment":[{"href":"https:\/\/nocheenblanco.org\/2016\/wp-json\/wp\/v2\/media?parent=3890"}],"wp:term":[{"taxonomy":"category","embeddable":true,"href":"https:\/\/nocheenblanco.org\/2016\/wp-json\/wp\/v2\/categories?post=3890"},{"taxonomy":"post_tag","embeddable":true,"href":"https:\/\/nocheenblanco.org\/2016\/wp-json\/wp\/v2\/tags?post=3890"}],"curies":[{"name":"wp","href":"https:\/\/api.w.org\/{rel}","templated":true}]}}